{"id":1903,"date":"2021-01-26T23:51:21","date_gmt":"2021-01-26T23:51:21","guid":{"rendered":"https:\/\/web.anuies.mx\/aml\/?p=1903"},"modified":"2021-02-09T20:02:14","modified_gmt":"2021-02-09T20:02:14","slug":"publicaciones","status":"publish","type":"post","link":"https:\/\/web.anuies.mx\/aml\/2021\/01\/26\/publicaciones\/","title":{"rendered":"Publicaciones"},"content":{"rendered":"<div id=\"pl-1903\"  class=\"panel-layout\" ><div id=\"pg-1903-0\"  class=\"panel-grid panel-no-style\" ><div id=\"pgc-1903-0-0\"  class=\"panel-grid-cell\" ><div id=\"panel-1903-0-0-0\" class=\"so-panel widget widget_sow-editor panel-first-child\" data-index=\"0\" ><div\n\t\t\t\n\t\t\tclass=\"so-widget-sow-editor so-widget-sow-editor-base\"\n\t\t\t\n\t\t>\n<div class=\"siteorigin-widget-tinymce textwidget\">\n\t<hr \/>\n<div class=\"fichas\"><strong><span style=\"color: #993300;\"><img decoding=\"async\" class=\"wp-image-2040 alignleft\" src=\"https:\/\/web.anuies.mx\/aml\/wp-content\/uploads\/sites\/20\/2021\/01\/documento1-275x300.png\" alt=\"163\" width=\"178\" srcset=\"https:\/\/web.anuies.mx\/aml\/wp-content\/uploads\/sites\/20\/2021\/01\/documento1-275x300.png 275w, https:\/\/web.anuies.mx\/aml\/wp-content\/uploads\/sites\/20\/2021\/01\/documento1.png 290w\" sizes=\"(max-width: 275px) 100vw, 275px\" \/><\/span><\/strong><br \/>\n<strong><span style=\"color: #993300;\">Academia Mexicana de la Lengua<\/span><\/strong><br \/>\n<strong><span style=\"color: #993300;\">COMISI\u00d3N DE CONSULTAS<\/span><\/strong><br \/>\n<strong>*Uso interno<\/strong><\/div>\n<\/div>\n<\/div><\/div><div id=\"panel-1903-0-0-1\" class=\"so-panel widget widget_sow-editor\" data-index=\"1\" ><div\n\t\t\t\n\t\t\tclass=\"so-widget-sow-editor so-widget-sow-editor-base\"\n\t\t\t\n\t\t>\n<div class=\"siteorigin-widget-tinymce textwidget\">\n\t<hr \/>\n<div class=\"fichas\">\n<p><strong><span style=\"color: #993300;\"><img loading=\"lazy\" decoding=\"async\" class=\"size-full wp-image-2044 alignleft\" src=\"https:\/\/web.anuies.mx\/aml\/wp-content\/uploads\/sites\/20\/2021\/01\/documento2.png\" alt=\"\" width=\"163\" height=\"178\" \/>MEMORIAS 2019<\/span><\/strong><br \/>\n<strong><span style=\"color: #993300;\">TOMO XLV, Academia Mexicana de la Lengua<\/span><\/strong><br \/>\n<strong><span style=\"color: #000000;\"><a style=\"color: #000000;\" href=\"https:\/\/web.anuies.mx\/aml\/wp-content\/uploads\/sites\/20\/2021\/01\/02.-Memorias-2019_compressed.pdf\" target=\"_blank\" rel=\"noopener\">Ver documento<\/a><\/span><\/strong><\/p>\n<\/div>\n<\/div>\n<\/div><\/div><div id=\"panel-1903-0-0-2\" class=\"so-panel widget widget_sow-editor\" data-index=\"2\" ><div\n\t\t\t\n\t\t\tclass=\"so-widget-sow-editor so-widget-sow-editor-base\"\n\t\t\t\n\t\t>\n<div class=\"siteorigin-widget-tinymce textwidget\">\n\t<hr \/>\n<div class=\"fichas\" style=\"text-align: left;\">\n<p><span style=\"color: #993300;\"><strong><img loading=\"lazy\" decoding=\"async\" class=\"size-full wp-image-2046 alignleft\" src=\"https:\/\/web.anuies.mx\/aml\/wp-content\/uploads\/sites\/20\/2021\/01\/documento3.png\" alt=\"\" width=\"163\" height=\"178\" \/>DF CDMX Marga registrada, Gonzalo Celorio<\/strong><\/span><br \/>\n<span style=\"color: #000000;\"><strong><a style=\"color: #000000;\" href=\"https:\/\/web.anuies.mx\/aml\/wp-content\/uploads\/sites\/20\/2021\/01\/03.-DF-CDMX-Marga-registrada_compressed.pdf\" target=\"_blank\" rel=\"noopener\">Ver documento<\/a><\/strong><\/span><\/p>\n<\/div>\n<\/div>\n<\/div><\/div><div id=\"panel-1903-0-0-3\" class=\"so-panel widget widget_sow-editor\" data-index=\"3\" ><div\n\t\t\t\n\t\t\tclass=\"so-widget-sow-editor so-widget-sow-editor-base\"\n\t\t\t\n\t\t>\n<div class=\"siteorigin-widget-tinymce textwidget\">\n\t<hr \/>\n<div class=\"fichas\">\n<p><strong><span style=\"color: #993300;\"><img loading=\"lazy\" decoding=\"async\" class=\"size-full wp-image-2048 alignleft\" src=\"https:\/\/web.anuies.mx\/aml\/wp-content\/uploads\/sites\/20\/2021\/01\/documento4.png\" alt=\"\" width=\"163\" height=\"178\" \/>A los diecis\u00e9is, Margo Glantz<\/span><\/strong><br \/>\n<span style=\"color: #000000;\"><a style=\"color: #000000;\" href=\"https:\/\/web.anuies.mx\/aml\/wp-content\/uploads\/sites\/20\/2021\/01\/04.-A-los-dieciseis_compressed.pdf\" target=\"_blank\" rel=\"noopener\"><strong>Ver documento<\/strong><\/a><\/span><\/p>\n<\/div>\n<\/div>\n<\/div><\/div><div id=\"panel-1903-0-0-4\" class=\"so-panel widget widget_sow-editor\" data-index=\"4\" ><div\n\t\t\t\n\t\t\tclass=\"so-widget-sow-editor so-widget-sow-editor-base\"\n\t\t\t\n\t\t>\n<div class=\"siteorigin-widget-tinymce textwidget\">\n\t<hr \/>\n<div class=\"fichas\"><strong><span style=\"color: #993300;\"><img loading=\"lazy\" decoding=\"async\" class=\"size-full wp-image-2052 alignleft\" src=\"https:\/\/web.anuies.mx\/aml\/wp-content\/uploads\/sites\/20\/2021\/01\/documento9.png\" alt=\"\" width=\"163\" height=\"178\" \/><\/span><\/strong><br \/>\n<strong><span style=\"color: #993300;\">Minucias de lenguaje<\/span><\/strong><br \/>\n<span style=\"color: #000000;\"><a style=\"color: #000000;\" href=\"https:\/\/web.anuies.mx\/aml\/wp-content\/uploads\/sites\/20\/2021\/01\/09.-Minucias-de-lenguaje_compressed.pdf\" target=\"_blank\" rel=\"noopener\"><strong>Ver documento<\/strong><\/a><\/span><\/div>\n<\/div>\n<\/div><\/div><div id=\"panel-1903-0-0-5\" class=\"so-panel widget widget_sow-editor panel-last-child\" data-index=\"5\" ><div\n\t\t\t\n\t\t\tclass=\"so-widget-sow-editor so-widget-sow-editor-base\"\n\t\t\t\n\t\t>\n<div class=\"siteorigin-widget-tinymce textwidget\">\n\t<hr \/>\n<div class=\"fichas\"><strong><span style=\"color: #993300;\"><img loading=\"lazy\" decoding=\"async\" class=\"size-full wp-image-2053 alignleft\" src=\"https:\/\/web.anuies.mx\/aml\/wp-content\/uploads\/sites\/20\/2021\/01\/documento10.png\" alt=\"\" width=\"163\" height=\"178\" \/>Lenguas originarias y pueblos ind\u00edgenas de M\u00e9xico. Familias y lenguas aisladas, Leopoldo Vali\u00f1as Coalla.<\/span><\/strong><br \/>\n<span style=\"color: #000000;\"><strong><a style=\"color: #000000;\" href=\"https:\/\/web.anuies.mx\/aml\/wp-content\/uploads\/sites\/20\/2021\/01\/10.-Lenguas-originarias_compressed.pdf\" target=\"_blank\" rel=\"noopener\">Ver documento <\/a><\/strong><\/span><\/div>\n<\/div>\n<\/div><\/div><\/div><div id=\"pgc-1903-0-1\"  class=\"panel-grid-cell\" ><div id=\"panel-1903-0-1-0\" class=\"so-panel widget widget_sow-editor panel-first-child\" data-index=\"6\" ><div\n\t\t\t\n\t\t\tclass=\"so-widget-sow-editor so-widget-sow-editor-base\"\n\t\t\t\n\t\t>\n<div class=\"siteorigin-widget-tinymce textwidget\">\n\t<hr \/>\n<div class=\"fichas\">\n<p><strong><span style=\"color: #993300;\"><img loading=\"lazy\" decoding=\"async\" class=\"size-full wp-image-2049 alignleft\" src=\"https:\/\/web.anuies.mx\/aml\/wp-content\/uploads\/sites\/20\/2021\/01\/documento5.png\" alt=\"\" width=\"163\" height=\"179\" \/>Derechos de autor, Fernando Serrano Migall\u00f3n.<\/span><\/strong><br \/>\n<span style=\"color: #000000;\"><a style=\"color: #000000;\" href=\"https:\/\/web.anuies.mx\/aml\/wp-content\/uploads\/sites\/20\/2021\/01\/05.-Derechos-de-autor_compressed.pdf\" target=\"_blank\" rel=\"noopener\"><strong>Ver documento<\/strong><\/a><\/span><\/p>\n<\/div>\n<\/div>\n<\/div><\/div><div id=\"panel-1903-0-1-1\" class=\"so-panel widget widget_sow-editor\" data-index=\"7\" ><div\n\t\t\t\n\t\t\tclass=\"so-widget-sow-editor so-widget-sow-editor-base\"\n\t\t\t\n\t\t>\n<div class=\"siteorigin-widget-tinymce textwidget\">\n\t<hr \/>\n<div class=\"fichas\">\n<p><strong><span style=\"color: #993300;\"><img loading=\"lazy\" decoding=\"async\" class=\"size-full wp-image-2050 alignleft\" src=\"https:\/\/web.anuies.mx\/aml\/wp-content\/uploads\/sites\/20\/2021\/01\/documento6.png\" alt=\"\" width=\"164\" height=\"178\" \/>Lecci\u00f3n de poes\u00eda, Jaime Labastida.<\/span><\/strong><br \/>\n<span style=\"color: #000000;\"><a style=\"color: #000000;\" href=\"https:\/\/web.anuies.mx\/aml\/wp-content\/uploads\/sites\/20\/2021\/01\/06.-Leccion-de-poesia_compressed.pdf\" target=\"_blank\" rel=\"noopener\"><strong>Ver documento<\/strong><\/a><\/span><\/p>\n<\/div>\n<\/div>\n<\/div><\/div><div id=\"panel-1903-0-1-2\" class=\"so-panel widget widget_sow-editor\" data-index=\"8\" ><div\n\t\t\t\n\t\t\tclass=\"so-widget-sow-editor so-widget-sow-editor-base\"\n\t\t\t\n\t\t>\n<div class=\"siteorigin-widget-tinymce textwidget\">\n\t<hr \/>\n<div class=\"fichas\" style=\"text-align: left;\"><strong><span style=\"color: #993300;\"><img loading=\"lazy\" decoding=\"async\" class=\"size-full wp-image-2056 alignleft\" src=\"https:\/\/web.anuies.mx\/aml\/wp-content\/uploads\/sites\/20\/2021\/01\/documento7.png\" alt=\"\" width=\"163\" height=\"178\" \/>ANUARIO 2021<\/span><\/strong><br \/>\n<span style=\"color: #000000;\"><strong>*Uso interno<\/strong><\/span><\/div>\n<\/div>\n<\/div><\/div><div id=\"panel-1903-0-1-3\" class=\"so-panel widget widget_sow-editor\" data-index=\"9\" ><div\n\t\t\t\n\t\t\tclass=\"so-widget-sow-editor so-widget-sow-editor-base\"\n\t\t\t\n\t\t>\n<div class=\"siteorigin-widget-tinymce textwidget\">\n\t<hr \/>\n<div class=\"fichas\"><strong><span style=\"color: #993300;\"><img loading=\"lazy\" decoding=\"async\" class=\"size-full wp-image-2051 alignleft\" src=\"https:\/\/web.anuies.mx\/aml\/wp-content\/uploads\/sites\/20\/2021\/01\/documento8.png\" alt=\"\" width=\"163\" height=\"178\" \/>El espa\u00f1ol y el n\u00e1huatl.<\/span><\/strong><br \/>\n<strong><span style=\"color: #993300;\">Encuentro de dos mundos (1519-2019), Patrick Johansson K<\/span><\/strong><br \/>\n<span style=\"color: #000000;\"><strong><a style=\"color: #000000;\" href=\"https:\/\/web.anuies.mx\/aml\/wp-content\/uploads\/sites\/20\/2021\/01\/08.-El-espanol-y-el-nahuatl_compressed.pdf\" target=\"_blank\" rel=\"noopener\">Ver documento<\/a><\/strong><\/span><\/div>\n<\/div>\n<\/div><\/div><div id=\"panel-1903-0-1-4\" class=\"so-panel widget widget_sow-editor panel-last-child\" data-index=\"10\" ><div\n\t\t\t\n\t\t\tclass=\"so-widget-sow-editor so-widget-sow-editor-base\"\n\t\t\t\n\t\t>\n<div class=\"siteorigin-widget-tinymce textwidget\">\n\t<hr \/>\n<div class=\"fichas\"><strong><span style=\"color: #993300;\"><img loading=\"lazy\" decoding=\"async\" class=\"size-full wp-image-2054 alignleft\" src=\"https:\/\/web.anuies.mx\/aml\/wp-content\/uploads\/sites\/20\/2021\/01\/documento11.png\" alt=\"\" width=\"163\" height=\"178\" \/>DEL CUERPO IMPONDERABLE.<\/span><\/strong><br \/>\n<strong><span style=\"color: #993300;\">Ensayos sobre la visi\u00f3n m\u00e9dica y art\u00edstica de la corporalidad, Francisco Gonz\u00e1lez Cruss\u00ed.<\/span><\/strong><br \/>\n<span style=\"color: #000000;\"><strong><a style=\"color: #000000;\" href=\"https:\/\/web.anuies.mx\/aml\/wp-content\/uploads\/sites\/20\/2021\/01\/11.-Del-cuerpo_compressed.pdf\" target=\"_blank\" rel=\"noopener\">Ver documento<\/a><\/strong><\/span><\/div>\n<\/div>\n<\/div><\/div><\/div><div id=\"pgc-1903-0-2\"  class=\"panel-grid-cell\" ><div id=\"panel-1903-0-2-0\" class=\"so-panel widget widget_search panel-first-child\" data-index=\"11\" ><form role=\"search\" method=\"get\" class=\"search-form\" action=\"https:\/\/web.anuies.mx\/aml\/\">\n\t\t\t\t<label>\n\t\t\t\t\t<span class=\"screen-reader-text\">Buscar:<\/span>\n\t\t\t\t\t<input type=\"search\" class=\"search-field\" placeholder=\"Buscar &hellip;\" value=\"\" name=\"s\" \/>\n\t\t\t\t<\/label>\n\t\t\t\t<input type=\"submit\" class=\"search-submit\" value=\"Buscar\" \/>\n\t\t\t<\/form><\/div><div id=\"panel-1903-0-2-1\" class=\"so-panel widget widget_nav_menu panel-last-child\" data-index=\"12\" ><h3 class=\"widget-title\">Ver cat\u00e1logo de:<\/h3><div class=\"menu-entradas-container\"><ul id=\"menu-entradas\" class=\"menu\"><li id=\"menu-item-2192\" class=\"menu-item menu-item-type-post_type menu-item-object-post menu-item-2192\"><a href=\"https:\/\/web.anuies.mx\/aml\/2021\/01\/26\/publicaciones\/\">Publicaciones<\/a><\/li>\n<li id=\"menu-item-2247\" class=\"menu-item menu-item-type-post_type menu-item-object-post menu-item-2247\"><a href=\"https:\/\/web.anuies.mx\/aml\/2021\/01\/29\/biblioteca-digital-decima-musa-bidimusa\/\">Bidimusa \u00abLecturas\u00bb<\/a><\/li>\n<li id=\"menu-item-2560\" class=\"menu-item menu-item-type-post_type menu-item-object-post menu-item-2560\"><a href=\"https:\/\/web.anuies.mx\/aml\/2021\/02\/03\/memorias\/\">Bidimusa \u00abMemorias\u00bb<\/a><\/li>\n<li id=\"menu-item-2197\" class=\"menu-item menu-item-type-post_type menu-item-object-post menu-item-2197\"><a href=\"https:\/\/web.anuies.mx\/aml\/2021\/01\/27\/videos\/\">Videos<\/a><\/li>\n<li id=\"menu-item-2196\" class=\"menu-item menu-item-type-post_type menu-item-object-post menu-item-2196\"><a href=\"https:\/\/web.anuies.mx\/aml\/2021\/01\/27\/radio\/\">Programas de radio<\/a><\/li>\n<\/ul><\/div><\/div><\/div><\/div><div id=\"pg-1903-1\"  class=\"panel-grid panel-no-style\" ><div id=\"pgc-1903-1-0\"  class=\"panel-grid-cell\" ><div id=\"panel-1903-1-0-0\" class=\"so-panel widget widget_sow-editor panel-first-child panel-last-child\" data-index=\"13\" ><div\n\t\t\t\n\t\t\tclass=\"so-widget-sow-editor so-widget-sow-editor-base\"\n\t\t\t\n\t\t>\n<div class=\"siteorigin-widget-tinymce textwidget\">\n\t<p><span style=\"color: #800000;\"><em>*El documento contiene datos personales por lo que el manejo de la informaci\u00f3n es restringido.<\/em><\/span><\/p>\n<\/div>\n<\/div><\/div><\/div><\/div><\/div>","protected":false},"excerpt":{"rendered":"<p>Academia Mexicana de la Lengua COMISI\u00d3N DE CONSULTAS *Uso interno MEMORIAS 2019 TOMO XLV, Academia Mexicana de la Lengua Ver &hellip; <\/p>\n","protected":false},"author":1,"featured_media":2110,"comment_status":"closed","ping_status":"closed","sticky":false,"template":"","format":"standard","meta":{"ngg_post_thumbnail":0,"footnotes":""},"categories":[1],"tags":[],"class_list":["post-1903","post","type-post","status-publish","format-standard","has-post-thumbnail","hentry","category-documentos"],"_links":{"self":[{"href":"https:\/\/web.anuies.mx\/aml\/wp-json\/wp\/v2\/posts\/1903","targetHints":{"allow":["GET"]}}],"collection":[{"href":"https:\/\/web.anuies.mx\/aml\/wp-json\/wp\/v2\/posts"}],"about":[{"href":"https:\/\/web.anuies.mx\/aml\/wp-json\/wp\/v2\/types\/post"}],"author":[{"embeddable":true,"href":"https:\/\/web.anuies.mx\/aml\/wp-json\/wp\/v2\/users\/1"}],"replies":[{"embeddable":true,"href":"https:\/\/web.anuies.mx\/aml\/wp-json\/wp\/v2\/comments?post=1903"}],"version-history":[{"count":86,"href":"https:\/\/web.anuies.mx\/aml\/wp-json\/wp\/v2\/posts\/1903\/revisions"}],"predecessor-version":[{"id":2660,"href":"https:\/\/web.anuies.mx\/aml\/wp-json\/wp\/v2\/posts\/1903\/revisions\/2660"}],"wp:featuredmedia":[{"embeddable":true,"href":"https:\/\/web.anuies.mx\/aml\/wp-json\/wp\/v2\/media\/2110"}],"wp:attachment":[{"href":"https:\/\/web.anuies.mx\/aml\/wp-json\/wp\/v2\/media?parent=1903"}],"wp:term":[{"taxonomy":"category","embeddable":true,"href":"https:\/\/web.anuies.mx\/aml\/wp-json\/wp\/v2\/categories?post=1903"},{"taxonomy":"post_tag","embeddable":true,"href":"https:\/\/web.anuies.mx\/aml\/wp-json\/wp\/v2\/tags?post=1903"}],"curies":[{"name":"wp","href":"https:\/\/api.w.org\/{rel}","templated":true}]}}